{"id":1422,"date":"2023-05-30T15:00:00","date_gmt":"2023-05-30T15:00:00","guid":{"rendered":"https:\/\/socialport.com.br\/?p=1422"},"modified":"2023-05-29T23:05:27","modified_gmt":"2023-05-29T23:05:27","slug":"fala-dos-autores-automacao-4-0-com-marcello-jose-pio-e-alessandro-maia-pinheiro","status":"publish","type":"post","link":"https:\/\/socialport.com.br\/en\/fala-dos-autores-automacao-4-0-com-marcello-jose-pio-e-alessandro-maia-pinheiro\/","title":{"rendered":"Fala dos autores: Automa\u00e7\u00e3o 4.0 com Marcello Jos\u00e9 Pio e Alessandro Maia Pinheiro"},"content":{"rendered":"<h5 class=\"wp-block-heading\"><strong>Automa\u00e7\u00e3o 4.0<\/strong> \u00e9 o tema abordados em um dos cap\u00edtulos do livro que ser\u00e1 lan\u00e7ado em Bras\u00edlia, no dia 31 de maio de 2023, no audit\u00f3rio do t\u00e9rreo do Minist\u00e9rio do planejamento, a partir das 14:30.<\/h5>\n\n\n\n<p>Associada \u00e0 perspectiva de uma quarta revolu\u00e7\u00e3o tecnol\u00f3gica, a automa\u00e7\u00e3o 4.0 envolve um n\u00edvel sem precedentes de auto\u00adma\u00e7\u00e3o, integra\u00e7\u00e3o e conectividade de m\u00e1quinas e equipamentos, processos de produ\u00e7\u00e3o, sistemas e pessoas em toda a cadeia de valor. A difus\u00e3o das tecnologias da Ind\u00fastria 4.0 tem permitido \u00e0s empresas, principalmente industriais, intensificar o uso de tecnologias de automa\u00e7\u00e3o e digitaliza\u00e7\u00e3o mais complexas em todas as fases dos fluxos produtivos. No Brasil, pode-se dizer que as iniciativas ainda possuem car\u00e1ter embrion\u00e1rio, sobretudo em empresas dom\u00e9sticas, concentrando-se principalmente em movimentos de sensibiliza\u00e7\u00e3o de atores econ\u00f4micos sobre a import\u00e2ncia da ado\u00e7\u00e3o de tecnologias inteligentes e miss\u00f5es organizadas por entidades de classe, mobilizando empres\u00e1rios. O cap\u00edtulo tra\u00e7a um panorama da Automa\u00e7\u00e3o 4.0, destacando as oportunidades e desafios enfrentados pelas empresas brasileiras, em termos de planejamento e estrat\u00e9gias requeridas para implementa\u00e7\u00e3o, dificuldades atuais, \u00e1reas com car\u00eancia de capacita\u00e7\u00f5es, tend\u00eancias, incertezas e potenciais fatores de ruptura tecnol\u00f3gica e institucional.<\/p>\n\n\n\n<p>Apresenta-se, a seguir, perguntas realizadas aos autores do cap\u00edtulo <em>Marcello Jos\u00e9 Pio e Alessandro Maia Pinheiro.<\/em><\/p>\n\n\n\n<p><strong>SocialPort \u2013 Em rela\u00e7\u00e3o ao tema automa\u00e7\u00e3o 4.0, objeto do seu estudo e segundo a sua opini\u00e3o, quais os principais eventos que poder\u00e3o causar os maiores impactos para o desenvolvimento do Brasil?<\/strong><\/p>\n\n\n\n<p>Para os autores, os eventos tendenciais que poder\u00e3o impactar fortemente a produtividade e competitividade das empresas nacionais, bem como o mercado de trabalho brasileiro, s\u00e3o:<\/p>\n\n\n\n<ul class=\"wp-block-list\">\n<li><em>A difus\u00e3o massiva e o uso integrado de tecnologias como Intelig\u00eancia Artificial, Internet das Coisas, rob\u00f3tica, big data e manufatura aditiva, acarretando uma redu\u00e7\u00e3o do emprego de ocupa\u00e7\u00f5es menos especializadas, o que poder\u00e1 afetar fortemente o mercado de trabalho, principalmente aquelas ocupa\u00e7\u00f5es de baixo grau de qualifica\u00e7\u00e3o.<\/em><\/li>\n\n\n\n<li><em>Aumento intensivo do uso de tecnologias IoT e IIoT, rob\u00f4s industriais e sistemas inteligentes de automa\u00e7\u00e3o nos diversos segmentos econ\u00f4micos<\/em>.<\/li>\n<\/ul>\n\n\n\n<p><strong>SocialPort \u2013 Em rela\u00e7\u00e3o a esses eventos, quais seriam esses impactos?<\/strong><\/p>\n\n\n\n<p><em>Segundo os autores, de forma geral, a difus\u00e3o dessas tecnologias, na medida em que possam se integrar para habilitar manufaturas inteligentes, representam uma amea\u00e7a a uma s\u00e9rie de empregos por conta da elevada automa\u00e7\u00e3o. Para pa\u00edses em desenvolvimento, os desafios s\u00e3o ainda maiores, uma vez que a m\u00e3o de obra relativamente mais barata nessas na\u00e7\u00f5es pode vir a se constituir num fator cada vez menos relevante para atratividade de investimentos diretos externos. As chamadas smart factories podem vir a representar um redirecionamento de determinadas atividades manufatureiras para pa\u00edses mais desenvolvidos, na extens\u00e3o em que seus processos necessitam de pouca m\u00e3o de obra.<\/em><\/p>\n\n\n\n<p><em>Al\u00e9m dos mais, destaca-se a necessidade de requalifica\u00e7\u00e3o e recoloca\u00e7\u00e3o de uma grande quantidade de trabalhadores, com o risco de que a m\u00e3o de obra venha a ser um obst\u00e1culo ao processo de difus\u00e3o das tecnologias associadas \u00e0 automa\u00e7\u00e3o 4.0. Vale ressaltar que a plena difus\u00e3o das tecnologias da automa\u00e7\u00e3o 4.0, levar\u00e1 a um aumento consider\u00e1vel da produtividade das empresas brasileiras e qualidade dos produtos nacionais. Contudo h\u00e1 grandes desafios pela frente, como os processos de retrofit tecnol\u00f3gico, capacita\u00e7\u00e3o da m\u00e3o de obra e processos que facilitem o processo de aquisi\u00e7\u00e3o e uso das novas tecnologias.<\/em><\/p>\n\n\n\n<p><strong>SocialPort \u2013 Para voc\u00ea, qual a relev\u00e2ncia da participa\u00e7\u00e3o em projetos desta natureza?<\/strong><\/p>\n\n\n\n<p><em>Para <\/em><em>Marcello Pio e Alessandro Pinheiro, a<\/em><em> antecipa\u00e7\u00e3o de tend\u00eancias globais \u00e9 instrumental para dotar o Pa\u00eds de capacita\u00e7\u00e3o em termos de planejamento e implementa\u00e7\u00e3o de estrat\u00e9gias eficazes. No caso da automa\u00e7\u00e3o 4.0, podemos mostrar que pa\u00edses como Alemanha, Estados Unidos e China est\u00e3o liderando os esfor\u00e7os nessa nova revolu\u00e7\u00e3o tecnol\u00f3gica, enquanto no Brasil as iniciativas ainda est\u00e3o em est\u00e1gio embrion\u00e1rio, com \u00eanfase em sensibiliza\u00e7\u00e3o, miss\u00f5es organizadas e estudos para avaliar a ado\u00e7\u00e3o de tecnologias inteligentes. Precisamos refor\u00e7ar a necessidade de acelerar nossa resposta aos desafios e oportunidades que j\u00e1 est\u00e3o se apresentando nesse contexto.<\/em><\/p>\n\n\n\n<p><strong>Conhe\u00e7a os autores<\/strong><\/p>\n\n\n\n<div class=\"wp-block-media-text alignwide is-stacked-on-mobile\" style=\"grid-template-columns:18% auto\"><figure class=\"wp-block-media-text__media\"><img loading=\"lazy\" decoding=\"async\" width=\"338\" height=\"473\" src=\"https:\/\/socialport.com.br\/wp-content\/uploads\/2023\/05\/Marcello-Pio.png\" alt=\"\" class=\"wp-image-1440 size-full\" srcset=\"https:\/\/socialport.com.br\/wp-content\/uploads\/2023\/05\/Marcello-Pio.png 338w, https:\/\/socialport.com.br\/wp-content\/uploads\/2023\/05\/Marcello-Pio-214x300.png 214w\" sizes=\"auto, (max-width: 338px) 100vw, 338px\" \/><\/figure><div class=\"wp-block-media-text__content\">\n<p><em><strong>Marcello Pio <\/strong><\/em>\u00e9 Doutor em Gest\u00e3o e Inova\u00e7\u00e3o Tecnol\u00f3gica pela UFRJ. Respons\u00e1vel pela \u00e1rea de prospectiva do Observat\u00f3rio Nacional da Ind\u00fastria. Atua na aplica\u00e7\u00e3o de metodologias e ferramentas de prospectiva tecnol\u00f3gica, organizacional e ocupacionais da educa\u00e7\u00e3o b\u00e1sica e profissional, tecnologia e inova\u00e7\u00e3o, seguran\u00e7a e sa\u00fade, e mercado de trabalho, bem como na constru\u00e7\u00e3o de cen\u00e1rios. Pesquisador do N\u00facleo de Estudos Prospectivos \u2013 Universidade Cat\u00f3lica de Bras\u00edlia (UCB), e pesquisador associado do <em>Centro Internacional para el Desarrollo Sostenible do Panam\u00e1<\/em> (CIDES). Atua na \u00e1rea de prospectiva h\u00e1 21 anos.<\/p>\n<\/div><\/div>\n\n\n\n<p><\/p>\n\n\n\n<div class=\"wp-block-media-text alignwide is-stacked-on-mobile\" style=\"grid-template-columns:23% auto\"><figure class=\"wp-block-media-text__media\"><img loading=\"lazy\" decoding=\"async\" width=\"316\" height=\"421\" src=\"https:\/\/socialport.com.br\/wp-content\/uploads\/2023\/05\/Alessandro-Maia-Pinheiro.jpg\" alt=\"\" class=\"wp-image-1441 size-full\" srcset=\"https:\/\/socialport.com.br\/wp-content\/uploads\/2023\/05\/Alessandro-Maia-Pinheiro.jpg 316w, https:\/\/socialport.com.br\/wp-content\/uploads\/2023\/05\/Alessandro-Maia-Pinheiro-225x300.jpg 225w\" sizes=\"auto, (max-width: 316px) 100vw, 316px\" \/><\/figure><div class=\"wp-block-media-text__content\">\n<p><strong>Alessandro Maia Pinheiro \u00e9 <\/strong>Doutor em Economia pela Universidade Federal do Rio de Janeiro (UFRJ); Mestre em Economia pela Universidade da Amaz\u00f4nia; Especialista em Economia do Trabalho e Bacharel em Economia pela Universidade Federal do Par\u00e1. Foi Pesquisador Visitante no Manchester Institute of Innovation Research_University of Manchester\/UK. No IBGE, coordenou a Pesquisa sobre o Uso de TIC nas Empresas (TIC-Empresa) e a Pesquisa de Inova\u00e7\u00e3o (PINTEC). Atualmente \u00e9 o Coordenador no IBGE das Pesquisas Econ\u00f4micas Estruturais\/Anuais e Tem\u00e1ticas. \u00c9 Professor Colaborador do Instituto de Economia da UFRJ e Professor Colaborador da Escola Nacional de Ci\u00eancias Estat\u00edsticas (ENCE\/IBGE). \u00c9 membro do Comit\u00ea de Estat\u00edsticas Econ\u00f4micas da ONU. Foi membro da Comiss\u00e3o de Indicadores sobre Economia da Informa\u00e7\u00e3o da eLAC\/CEPAL\/ONU e membro da Comiss\u00e3o Permanente de Indicadores do Minist\u00e9rio de Ci\u00eancia, Tecnologia e Inova\u00e7\u00e3o (MCTI). Tese de doutorado premiada (Pr\u00eamio CAPES de Tese &#8211; Economia). Coordenador do Livro Inova\u00e7\u00e3o em Servi\u00e7os na Economia do Compartilhamento, ed. Saraiva, 2019.<\/p>\n<\/div><\/div>","protected":false},"excerpt":{"rendered":"<p>Automa\u00e7\u00e3o 4.0 \u00e9 o tema abordados em um dos cap\u00edtulos do livro que ser\u00e1 lan\u00e7ado em Bras\u00edlia, no dia 31 de maio de 2023, no audit\u00f3rio do t\u00e9rreo do Minist\u00e9rio do planejamento, a partir das 14:30. Associada \u00e0 perspectiva de uma quarta revolu\u00e7\u00e3o tecnol\u00f3gica, a automa\u00e7\u00e3o 4.0 envolve um n\u00edvel sem precedentes de auto\u00adma\u00e7\u00e3o, integra\u00e7\u00e3o &hellip; <\/p>\n<p class=\"link-more\"><a href=\"https:\/\/socialport.com.br\/en\/fala-dos-autores-automacao-4-0-com-marcello-jose-pio-e-alessandro-maia-pinheiro\/\" class=\"more-link\">Read more<span class=\"screen-reader-text\"> &#8220;Fala dos autores: Automa\u00e7\u00e3o 4.0 com Marcello Jos\u00e9 Pio e Alessandro Maia Pinheiro&#8221;<\/span><\/a><\/p>","protected":false},"author":6,"featured_media":1439,"comment_status":"open","ping_status":"open","sticky":false,"template":"","format":"standard","meta":{"footnotes":""},"categories":[21,19,44,20],"tags":[41,45,46,39],"class_list":["post-1422","post","type-post","status-publish","format-standard","has-post-thumbnail","hentry","category-discussoes","category-eventos","category-institucional","category-noticias","tag-institucional","tag-livro","tag-megatendencias-mundiais-2040","tag-socialport"],"_links":{"self":[{"href":"https:\/\/socialport.com.br\/en\/wp-json\/wp\/v2\/posts\/1422","targetHints":{"allow":["GET"]}}],"collection":[{"href":"https:\/\/socialport.com.br\/en\/wp-json\/wp\/v2\/posts"}],"about":[{"href":"https:\/\/socialport.com.br\/en\/wp-json\/wp\/v2\/types\/post"}],"author":[{"embeddable":true,"href":"https:\/\/socialport.com.br\/en\/wp-json\/wp\/v2\/users\/6"}],"replies":[{"embeddable":true,"href":"https:\/\/socialport.com.br\/en\/wp-json\/wp\/v2\/comments?post=1422"}],"version-history":[{"count":3,"href":"https:\/\/socialport.com.br\/en\/wp-json\/wp\/v2\/posts\/1422\/revisions"}],"predecessor-version":[{"id":1443,"href":"https:\/\/socialport.com.br\/en\/wp-json\/wp\/v2\/posts\/1422\/revisions\/1443"}],"wp:featuredmedia":[{"embeddable":true,"href":"https:\/\/socialport.com.br\/en\/wp-json\/wp\/v2\/media\/1439"}],"wp:attachment":[{"href":"https:\/\/socialport.com.br\/en\/wp-json\/wp\/v2\/media?parent=1422"}],"wp:term":[{"taxonomy":"category","embeddable":true,"href":"https:\/\/socialport.com.br\/en\/wp-json\/wp\/v2\/categories?post=1422"},{"taxonomy":"post_tag","embeddable":true,"href":"https:\/\/socialport.com.br\/en\/wp-json\/wp\/v2\/tags?post=1422"}],"curies":[{"name":"wp","href":"https:\/\/api.w.org\/{rel}","templated":true}]}}