{"id":1652,"date":"2023-07-17T20:33:29","date_gmt":"2023-07-17T20:33:29","guid":{"rendered":"https:\/\/socialport.com.br\/?p=1652"},"modified":"2025-11-17T19:40:32","modified_gmt":"2025-11-17T19:40:32","slug":"lancamento-do-livro-megatendencias-mundiais-2040-em-sao-paulo","status":"publish","type":"post","link":"https:\/\/socialport.com.br\/en\/lancamento-do-livro-megatendencias-mundiais-2040-em-sao-paulo\/","title":{"rendered":"Lan\u00e7amento do livro &#8220;Megatend\u00eancias Mundiais 2040&#8221; em S\u00e3o Paulo"},"content":{"rendered":"<div class=\"guten-element guten-spacer guten-wA4fii\"><\/div>\n\n\n\n<p>A SocialPort patrocinou o lan\u00e7amento do livro \u201cMegatend\u00eancias Mundiais 2040\u201d em S\u00e3o Paulo, que ocorreu no dia 27 de junho de 2023, no Audit\u00f3rio Prof. Francisco Romeu Landi, Edif\u00edcio M\u00e1rio Covas J\u00fanior da Poli-USP.<\/p>\n\n\n\n<p>O vento contou com a presen\u00e7a, na mesa de abertura, do professor Marcelo Schneck de Paula Pessoa, Coordenador do Grupo CONECTICIDADE; Prof. Fernando Tobal Berssaneti, Vice-coordenador do CONECTICIDADE; Prof. Reinaldo Giudici, Diretor da Escola Politecnica; Prof. Jo\u00e3o Amato Neto, Presidente da Funda\u00e7\u00e3o Vanzolini; James Nogueira, da Plano (foto a seguir, cujos participantes est\u00e3o listados da direita para a esquerda).<\/p>\n\n\n\n<figure class=\"wp-block-image size-large\"><img loading=\"lazy\" decoding=\"async\" width=\"1024\" height=\"768\" src=\"https:\/\/socialport.com.br\/wp-content\/uploads\/2023\/07\/image-1024x768.png\" alt=\"\" class=\"wp-image-1655\" srcset=\"https:\/\/socialport.com.br\/wp-content\/uploads\/2023\/07\/image-1024x768.png 1024w, https:\/\/socialport.com.br\/wp-content\/uploads\/2023\/07\/image-300x225.png 300w, https:\/\/socialport.com.br\/wp-content\/uploads\/2023\/07\/image-768x576.png 768w, https:\/\/socialport.com.br\/wp-content\/uploads\/2023\/07\/image.png 1152w\" sizes=\"auto, (max-width: 1024px) 100vw, 1024px\" \/><\/figure>\n\n\n\n<p>O livro \u00e9 composto por cap\u00edtulos que apresentam essas grandes for\u00e7as motrizes identificadas, seus impactos no desenvolvimento do Brasil, bem como justificam essas megatend\u00eancias. Temas como din\u00e2mica populacional e o futuro da sa\u00fade, da educa\u00e7\u00e3o, do trabalho e das cidades, bem como o consumidor do futuro foram tratados na parte que trata da dimens\u00e3o \u201cPopula\u00e7\u00e3o e Sociedade\u201d. O futuro da geopol\u00edtica mundial tamb\u00e9m foi destaque na parte que trata da \u201cGeopol\u00edtica\u201d sob a vis\u00e3o de autores diferentes. Na parte voltada para explorar a dimens\u00e3o \u201cCi\u00eancia e tecnologia\u201d, os temas foco foram: desenvolvimento tecnol\u00f3gico multidisciplinar; conectividade e transforma\u00e7\u00e3o digital; transa\u00e7\u00f5es e seguran\u00e7a cibern\u00e9ticos; automa\u00e7\u00e3o 4.0; novos materiais estrat\u00e9gicos; avan\u00e7os das tecnologias na fronteira do conhecimento \u2013 com destaque para nano e biotecnologia; e explora\u00e7\u00e3o espacial.<\/p>\n\n\n\n<p>Na parte que trata da dimens\u00e3o \u201cEcon\u00f4mica\u201d, os temas tratados foram: aspectos de continuidade e possibilidade de mudan\u00e7a na economia mundial, energia, agricultura e alimentos e a log\u00edstica do futuro. Por fim, na \u00faltima parte do livro a dimens\u00e3o \u201cMeio ambiente\u201d explora a sua progressiva degrada\u00e7\u00e3o e um horizonte turvo social e econ\u00f4mico em rela\u00e7\u00e3o aos comportamentos futuros.<\/p>\n\n\n\n<p>O trabalho foi desenvolvido por pesquisadores colaboradores do NEP-UCB, sob a coordena\u00e7\u00e3o da Dra. Elaine Marcial e contou com a participa\u00e7\u00e3o de especialistas convidados na reda\u00e7\u00e3o das justificativas dessas megatend\u00eancias.<\/p>\n\n\n\n<p>A Dra. Elaine Marcial, uma das autoras e organizadora do livro, junto com o Dr. Marcello Pio, realizou palestra durante o evento, apresentando as 12 megatend\u00eancias mundiais 2040, que impactam e impactar\u00e3o as pessoas, os neg\u00f3cios e as organiza\u00e7\u00f5es nas pr\u00f3ximas d\u00e9cadas.<\/p>\n\n\n\n<figure class=\"wp-block-image size-large\"><img loading=\"lazy\" decoding=\"async\" width=\"1024\" height=\"768\" src=\"https:\/\/socialport.com.br\/wp-content\/uploads\/2023\/07\/image-1-1024x768.png\" alt=\"\" class=\"wp-image-1656\" srcset=\"https:\/\/socialport.com.br\/wp-content\/uploads\/2023\/07\/image-1-1024x768.png 1024w, https:\/\/socialport.com.br\/wp-content\/uploads\/2023\/07\/image-1-300x225.png 300w, https:\/\/socialport.com.br\/wp-content\/uploads\/2023\/07\/image-1-768x576.png 768w, https:\/\/socialport.com.br\/wp-content\/uploads\/2023\/07\/image-1.png 1152w\" sizes=\"auto, (max-width: 1024px) 100vw, 1024px\" \/><\/figure>\n\n\n\n<p>A palestra visa aproximar o leitor aos temas que mais impactar\u00e3o a vida nas pr\u00f3ximas d\u00e9cada, tornando cada vez mais popular no Brasil os estudos de futuro e sua import\u00e2ncia no processo decis\u00f3rio e na formula\u00e7\u00e3o de estrat\u00e9gias.<\/p>\n\n\n\n<figure class=\"wp-block-image size-large\"><img loading=\"lazy\" decoding=\"async\" width=\"1024\" height=\"575\" src=\"https:\/\/socialport.com.br\/wp-content\/uploads\/2023\/07\/photo_2023-07-17_13-19-38-1024x575.jpg\" alt=\"\" class=\"wp-image-1657\" srcset=\"https:\/\/socialport.com.br\/wp-content\/uploads\/2023\/07\/photo_2023-07-17_13-19-38-1024x575.jpg 1024w, https:\/\/socialport.com.br\/wp-content\/uploads\/2023\/07\/photo_2023-07-17_13-19-38-300x169.jpg 300w, https:\/\/socialport.com.br\/wp-content\/uploads\/2023\/07\/photo_2023-07-17_13-19-38-768x431.jpg 768w, https:\/\/socialport.com.br\/wp-content\/uploads\/2023\/07\/photo_2023-07-17_13-19-38.jpg 1280w\" sizes=\"auto, (max-width: 1024px) 100vw, 1024px\" \/><\/figure>\n\n\n\n<p>Houve sorteio de livros, patrocinados pela SocialPort, Plano e Assecor, em meio a um debate sobre as megatend\u00eancias apresentadas. Ao final do evento, os participantes se reuni\u00e3o para trocar ideias em um <em>coffee-breack<\/em>, patrocinado pela Funda\u00e7\u00e3o Vanzolini.<\/p>\n\n\n\n<figure class=\"wp-block-image size-large\"><img loading=\"lazy\" decoding=\"async\" width=\"1024\" height=\"768\" src=\"https:\/\/socialport.com.br\/wp-content\/uploads\/2023\/07\/photo_2023-07-04_18-53-00-1024x768.jpg\" alt=\"\" class=\"wp-image-1659\" srcset=\"https:\/\/socialport.com.br\/wp-content\/uploads\/2023\/07\/photo_2023-07-04_18-53-00-1024x768.jpg 1024w, https:\/\/socialport.com.br\/wp-content\/uploads\/2023\/07\/photo_2023-07-04_18-53-00-300x225.jpg 300w, https:\/\/socialport.com.br\/wp-content\/uploads\/2023\/07\/photo_2023-07-04_18-53-00-768x576.jpg 768w, https:\/\/socialport.com.br\/wp-content\/uploads\/2023\/07\/photo_2023-07-04_18-53-00.jpg 1152w\" sizes=\"auto, (max-width: 1024px) 100vw, 1024px\" \/><\/figure>\n\n\n\n<h2 class=\"wp-block-gutenverse-heading guten-element guten-yMe6HO\"><\/h2>","protected":false},"excerpt":{"rendered":"<p>A SocialPort patrocinou o lan\u00e7amento do livro \u201cMegatend\u00eancias Mundiais 2040\u201d em S\u00e3o Paulo, que ocorreu no dia 27 de junho de 2023, no Audit\u00f3rio Prof. Francisco Romeu Landi, Edif\u00edcio M\u00e1rio Covas J\u00fanior da Poli-USP. O vento contou com a presen\u00e7a, na mesa de abertura, do professor Marcelo Schneck de Paula Pessoa, Coordenador do Grupo CONECTICIDADE; &hellip; <\/p>\n<p class=\"link-more\"><a href=\"https:\/\/socialport.com.br\/en\/lancamento-do-livro-megatendencias-mundiais-2040-em-sao-paulo\/\" class=\"more-link\">Read more<span class=\"screen-reader-text\"> &#8220;Lan\u00e7amento do livro &#8220;Megatend\u00eancias Mundiais 2040&#8221; em S\u00e3o Paulo&#8221;<\/span><\/a><\/p>","protected":false},"author":1,"featured_media":1662,"comment_status":"open","ping_status":"open","sticky":false,"template":"","format":"standard","meta":{"footnotes":""},"categories":[19,35,20],"tags":[],"class_list":["post-1652","post","type-post","status-publish","format-standard","has-post-thumbnail","hentry","category-eventos","category-materias","category-noticias"],"_links":{"self":[{"href":"https:\/\/socialport.com.br\/en\/wp-json\/wp\/v2\/posts\/1652","targetHints":{"allow":["GET"]}}],"collection":[{"href":"https:\/\/socialport.com.br\/en\/wp-json\/wp\/v2\/posts"}],"about":[{"href":"https:\/\/socialport.com.br\/en\/wp-json\/wp\/v2\/types\/post"}],"author":[{"embeddable":true,"href":"https:\/\/socialport.com.br\/en\/wp-json\/wp\/v2\/users\/1"}],"replies":[{"embeddable":true,"href":"https:\/\/socialport.com.br\/en\/wp-json\/wp\/v2\/comments?post=1652"}],"version-history":[{"count":3,"href":"https:\/\/socialport.com.br\/en\/wp-json\/wp\/v2\/posts\/1652\/revisions"}],"predecessor-version":[{"id":1661,"href":"https:\/\/socialport.com.br\/en\/wp-json\/wp\/v2\/posts\/1652\/revisions\/1661"}],"wp:featuredmedia":[{"embeddable":true,"href":"https:\/\/socialport.com.br\/en\/wp-json\/wp\/v2\/media\/1662"}],"wp:attachment":[{"href":"https:\/\/socialport.com.br\/en\/wp-json\/wp\/v2\/media?parent=1652"}],"wp:term":[{"taxonomy":"category","embeddable":true,"href":"https:\/\/socialport.com.br\/en\/wp-json\/wp\/v2\/categories?post=1652"},{"taxonomy":"post_tag","embeddable":true,"href":"https:\/\/socialport.com.br\/en\/wp-json\/wp\/v2\/tags?post=1652"}],"curies":[{"name":"wp","href":"https:\/\/api.w.org\/{rel}","templated":true}]}}